{"id":1,"date":"2016-03-09T18:28:57","date_gmt":"2016-03-09T18:28:57","guid":{"rendered":"https:\/\/exatas.ufpr.br\/ppgecm\/?p=1"},"modified":"2024-08-14T23:02:29","modified_gmt":"2024-08-14T23:02:29","slug":"ola-mundo","status":"publish","type":"post","link":"https:\/\/exatas.ufpr.br\/ppgecm\/2016\/03\/09\/ola-mundo\/","title":{"rendered":"Apresenta\u00e7\u00e3o"},"content":{"rendered":"<p>O Programa de P\u00f3s-Gradua\u00e7\u00e3o em Educa\u00e7\u00e3o em Ci\u00eancias e em Matem\u00e1tica \u00e9 recomendado pela Capes e foi criado na UFPR pelo Conselho Universit\u00e1rio em dezembro de 2009, oferecendo a partir de 2010 o Curso de Mestrado Acad\u00eamico.<br \/>\nO objetivo central do curso de Mestrado Acad\u00eamico em Educa\u00e7\u00e3o em Ci\u00eancias e em Matem\u00e1tica \u00e9 a produ\u00e7\u00e3o de conhecimento em educa\u00e7\u00e3o em ci\u00eancias e em educa\u00e7\u00e3o matem\u00e1tica, o qual deve fornecer elementos conceituais e metodol\u00f3gicos para a forma\u00e7\u00e3o de profissionais com perfil de pesquisador, aptos a seguir carreira acad\u00eamica, bem como formar professores capazes de ser &#8220;formadores de formadores&#8221; indo, dessa maneira, al\u00e9m de sua pr\u00f3pria profissionaliza\u00e7\u00e3o.<br \/>\nO Programa tem por objetivo promover e realizar pesquisas na \u00e1rea de Educa\u00e7\u00e3o em Ci\u00eancias e em Educa\u00e7\u00e3o Matem\u00e1tica, qualificando e aperfei\u00e7oando o pesquisador docente dos diversos n\u00edveis de ensino, de modo a desenvolver e fomentar um ensino de Ci\u00eancias e Matem\u00e1tica consonante e alinhado com as necessidades contempor\u00e2neas.<br \/>\nPerfil do ingressante: Graduados nas \u00e1reas de F\u00edsica, Qu\u00edmica, Biologia, Ci\u00eancias, Matem\u00e1tica, que atuam em diversos n\u00edveis de ensino, bem como profissionais de \u00e1reas afins que queiram dedicar-se \u00e0 pesquisa no ensino.<br \/>\nCoordenador: Prof. Dr. Emerson Rolkouski &#8211; Contato: (41)3361-3090 &#8211; (41) 9146-6966<br \/>\nVice-Coordenador: Prof. Dr. S\u00e9rgio Camargo<\/p>\n<p style=\"text-align: center\"><a href=\"https:\/\/exatas.ufpr.br\/ppgecm\/wp-content\/uploads\/sites\/27\/2016\/08\/logo_ppgecm.png\"><img loading=\"lazy\" decoding=\"async\" class=\"alignnone size-medium wp-image-176\" src=\"https:\/\/exatas.ufpr.br\/ppgecm\/wp-content\/uploads\/sites\/27\/2016\/08\/logo_ppgecm-300x219.png\" alt=\"logo_ppgecm\" width=\"300\" height=\"219\" srcset=\"https:\/\/exatas.ufpr.br\/ppgecm\/wp-content\/uploads\/sites\/27\/2016\/08\/logo_ppgecm-300x219.png 300w, https:\/\/exatas.ufpr.br\/ppgecm\/wp-content\/uploads\/sites\/27\/2016\/08\/logo_ppgecm.png 722w\" sizes=\"auto, (max-width: 300px) 100vw, 300px\" \/><\/a><\/p>\n","protected":false},"excerpt":{"rendered":"<p>O Programa de P\u00f3s-Gradua\u00e7\u00e3o em Educa\u00e7\u00e3o em Ci\u00eancias e em Matem\u00e1tica \u00e9 recomendado pela Capes e foi criado na UFPR pelo Conselho Universit\u00e1rio em dezembro de 2009, oferecendo a partir de 2010 o Curso de Mestrado Acad\u00eamico. O objetivo central&hellip; <\/p>\n","protected":false},"author":13,"featured_media":0,"comment_status":"closed","ping_status":"closed","sticky":false,"template":"","format":"standard","meta":{"footnotes":""},"categories":[1],"tags":[],"class_list":["post-1","post","type-post","status-publish","format-standard","hentry","category-sem-categoria"],"_links":{"self":[{"href":"https:\/\/exatas.ufpr.br\/ppgecm\/wp-json\/wp\/v2\/posts\/1","targetHints":{"allow":["GET"]}}],"collection":[{"href":"https:\/\/exatas.ufpr.br\/ppgecm\/wp-json\/wp\/v2\/posts"}],"about":[{"href":"https:\/\/exatas.ufpr.br\/ppgecm\/wp-json\/wp\/v2\/types\/post"}],"author":[{"embeddable":true,"href":"https:\/\/exatas.ufpr.br\/ppgecm\/wp-json\/wp\/v2\/users\/13"}],"replies":[{"embeddable":true,"href":"https:\/\/exatas.ufpr.br\/ppgecm\/wp-json\/wp\/v2\/comments?post=1"}],"version-history":[{"count":2,"href":"https:\/\/exatas.ufpr.br\/ppgecm\/wp-json\/wp\/v2\/posts\/1\/revisions"}],"predecessor-version":[{"id":185,"href":"https:\/\/exatas.ufpr.br\/ppgecm\/wp-json\/wp\/v2\/posts\/1\/revisions\/185"}],"wp:attachment":[{"href":"https:\/\/exatas.ufpr.br\/ppgecm\/wp-json\/wp\/v2\/media?parent=1"}],"wp:term":[{"taxonomy":"category","embeddable":true,"href":"https:\/\/exatas.ufpr.br\/ppgecm\/wp-json\/wp\/v2\/categories?post=1"},{"taxonomy":"post_tag","embeddable":true,"href":"https:\/\/exatas.ufpr.br\/ppgecm\/wp-json\/wp\/v2\/tags?post=1"}],"curies":[{"name":"wp","href":"https:\/\/api.w.org\/{rel}","templated":true}]}}