{"id":2745,"date":"2025-02-14T13:16:28","date_gmt":"2025-02-14T16:16:28","guid":{"rendered":"https:\/\/exatas.ufpr.br\/degraf\/?p=2745"},"modified":"2025-02-28T18:33:10","modified_gmt":"2025-02-28T21:33:10","slug":"teste-seletivo-para-professor-substituto-6","status":"publish","type":"post","link":"https:\/\/exatas.ufpr.br\/degraf\/teste-seletivo-para-professor-substituto-6\/","title":{"rendered":"EDITAL\u00a0N\u00ba\u00a0039\/25\u2010\u00a0PROGEPE\u00a0 &#8211; Teste seletivo para professor substituto &#8211; Desenho t\u00e9cnico e desenho assistido por computador (CAD)"},"content":{"rendered":"\n<p>Vagas: 01 (20 horas)<\/p>\n\n\n\n<p>\u00c1rea de conhecimento: Express\u00e3o Gr\u00e1fica<\/p>\n\n\n\n<p>Mat\u00e9ria Espec\u00edfica: Desenho t\u00e9cnico e desenho assistido por computador (CAD)<\/p>\n\n\n\n<p>Requisitos: Bacharelado em Express\u00e3o Gr\u00e1fica, ou em Engenharias, ou em Arquitetura e Urbanismo, ou em Design, ou em \u00e1reas a fim, com P\u00f3s-gradua\u00e7\u00e3o em qualquer \u00e1rea<\/p>\n\n\n\n<p>Inscri\u00e7\u00f5es via email (degraf@ufpr.br) &#8211; a documenta\u00e7\u00e3o deve ser entregue em um \u00fanico documento em formato pdf e deve ser ordenada de acordo com a Resolu\u00e7\u00e3o 70\/2016 \u2013 CEPE UFPR<\/p>\n\n\n\n<p>Acesse o edital clicando completo <a href=\"http:\/\/chrome-extension:\/\/efaidnbmnnnibpcajpcglclefindmkaj\/https:\/\/progepe.ufpr.br\/a\/concursos\/docente\/concursos_publicos\/editais\/edital039-25.pdf\">AQUI<\/a><\/p>\n\n\n\n<p>Mais informa\u00e7\u00f5es no site da <a href=\"https:\/\/progepe.ufpr.br\/a\/concursos\/docente\/concursos_publicos\/testes_seletivos.html\">PROGEPE<\/a><\/p>\n\n\n\n<hr class=\"wp-block-separator has-alpha-channel-opacity\" \/>\n\n\n\n<p><strong>PUBLICA\u00c7\u00d5ES<\/strong>:<\/p>\n\n\n\n<p><a href=\"https:\/\/exatas.ufpr.br\/degraf\/wp-content\/uploads\/sites\/2\/2025\/02\/Edital-de-analise-das-inscricoes.pdf\">Edital de an\u00e1lise das inscri\u00e7\u00f5es (24\/02\/2025)<\/a><\/p>\n\n\n\n<p><a href=\"https:\/\/exatas.ufpr.br\/degraf\/wp-content\/uploads\/sites\/2\/2025\/02\/SEI_7529719_Edital_2-1.pdf\">Edital de analise de curriculo e sorteio do ponto (25\/02\/2025)<\/a><\/p>\n\n\n\n<p><a href=\"https:\/\/exatas.ufpr.br\/degraf\/wp-content\/uploads\/sites\/2\/2025\/02\/SEI_7533649_Edital_2.pdf\">RETIFICA\u00c7\u00c3O &#8211; Novos hor\u00e1rios de sorteio do ponto e prova did\u00e1tica (26\/02\/2025)<\/a><\/p>\n\n\n\n<p><a href=\"https:\/\/exatas.ufpr.br\/degraf\/wp-content\/uploads\/sites\/2\/2025\/02\/SEI_7542139_Edital_3.pdf\">Edital do Resultado Final (28\/02\/2025)<\/a><\/p>\n","protected":false},"excerpt":{"rendered":"<p>Vagas: 01 (20 horas) \u00c1rea de conhecimento: Express\u00e3o Gr\u00e1fica Mat\u00e9ria Espec\u00edfica: Desenho t\u00e9cnico e desenho assistido por computador (CAD) Requisitos: Bacharelado em Express\u00e3o Gr\u00e1fica, ou em Engenharias, ou em Arquitetura e Urbanismo, ou em Design, ou em \u00e1reas a fim,&hellip; <\/p>\n","protected":false},"author":22,"featured_media":0,"comment_status":"closed","ping_status":"closed","sticky":false,"template":"","format":"standard","meta":{"footnotes":""},"categories":[1],"tags":[],"class_list":["post-2745","post","type-post","status-publish","format-standard","hentry","category-sem-categoria"],"_links":{"self":[{"href":"https:\/\/exatas.ufpr.br\/degraf\/wp-json\/wp\/v2\/posts\/2745","targetHints":{"allow":["GET"]}}],"collection":[{"href":"https:\/\/exatas.ufpr.br\/degraf\/wp-json\/wp\/v2\/posts"}],"about":[{"href":"https:\/\/exatas.ufpr.br\/degraf\/wp-json\/wp\/v2\/types\/post"}],"author":[{"embeddable":true,"href":"https:\/\/exatas.ufpr.br\/degraf\/wp-json\/wp\/v2\/users\/22"}],"replies":[{"embeddable":true,"href":"https:\/\/exatas.ufpr.br\/degraf\/wp-json\/wp\/v2\/comments?post=2745"}],"version-history":[{"count":8,"href":"https:\/\/exatas.ufpr.br\/degraf\/wp-json\/wp\/v2\/posts\/2745\/revisions"}],"predecessor-version":[{"id":2777,"href":"https:\/\/exatas.ufpr.br\/degraf\/wp-json\/wp\/v2\/posts\/2745\/revisions\/2777"}],"wp:attachment":[{"href":"https:\/\/exatas.ufpr.br\/degraf\/wp-json\/wp\/v2\/media?parent=2745"}],"wp:term":[{"taxonomy":"category","embeddable":true,"href":"https:\/\/exatas.ufpr.br\/degraf\/wp-json\/wp\/v2\/categories?post=2745"},{"taxonomy":"post_tag","embeddable":true,"href":"https:\/\/exatas.ufpr.br\/degraf\/wp-json\/wp\/v2\/tags?post=2745"}],"curies":[{"name":"wp","href":"https:\/\/api.w.org\/{rel}","templated":true}]}}