{"id":2567,"date":"2024-02-09T14:06:49","date_gmt":"2024-02-09T17:06:49","guid":{"rendered":"https:\/\/exatas.ufpr.br\/degraf\/?p=2567"},"modified":"2024-02-16T08:37:43","modified_gmt":"2024-02-16T11:37:43","slug":"introducao-ao-latexpara-producao-de-trabalhos-academicos-turma-2024-01","status":"publish","type":"post","link":"https:\/\/exatas.ufpr.br\/degraf\/introducao-ao-latexpara-producao-de-trabalhos-academicos-turma-2024-01\/","title":{"rendered":"Introdu\u00e7\u00e3o ao LATEXpara Produ\u00e7\u00e3o de Trabalhos Acad\u00eamicos &#8211; Turma 2024-01"},"content":{"rendered":"\n<p>Turma A: 26\/02 a 01\/03 das 19h00 \u00e0s 21h36<\/p>\n\n\n\n<p>Turma B 04\/03 a 08\/03 das 19h00 \u00e0s 21h36<\/p>\n\n\n\n<p>Para maiores informa\u00e7\u00f5es acesse o banner:<\/p>\n\n\n\n<div data-wp-interactive=\"core\/file\" class=\"wp-block-file\"><object data-wp-bind--hidden=\"!state.hasPdfPreview\" hidden class=\"wp-block-file__embed\" data=\"https:\/\/exatas.ufpr.br\/degraf\/wp-content\/uploads\/sites\/2\/2024\/02\/texstudio_KSoZQo-1.pdf\" type=\"application\/pdf\" style=\"width:100%;height:280px\" aria-label=\"Incorporado de texstudio_KSoZQo-1.\"><\/object><a id=\"wp-block-file--media-63ad47aa-1362-4904-acd4-7131c3d2f240\" href=\"https:\/\/exatas.ufpr.br\/degraf\/wp-content\/uploads\/sites\/2\/2024\/02\/texstudio_KSoZQo-1.pdf\">texstudio_KSoZQo-1<\/a><a href=\"https:\/\/exatas.ufpr.br\/degraf\/wp-content\/uploads\/sites\/2\/2024\/02\/texstudio_KSoZQo-1.pdf\" class=\"wp-block-file__button wp-element-button\" download aria-describedby=\"wp-block-file--media-63ad47aa-1362-4904-acd4-7131c3d2f240\">Baixar<\/a><\/div>\n\n\n\n<p class=\"has-black-color has-vivid-red-background-color has-text-color has-background has-link-color wp-elements-6c8edaa27aa224d0cd42c7c2d91112c1\">-Inscri\u00e7\u00f5es via Sympla at\u00e9 dia 21\/02 atrav\u00e9s do link abaixo <strong>(link corrigido)<\/strong><\/p>\n\n\n\n<p><a href=\"https:\/\/www.sympla.com.br\/introducao-ao-latex-para-producao-de-trabalhos-academicos---turma-2024-01__2267157\" target=\"_blank\" rel=\"noreferrer noopener\">https:\/\/www.sympla.com.br\/introducao-ao-latex-para-producao-de-trabalhos-academicos&#8212;turma-2024-01__2267157<\/a><br><br><\/p>\n","protected":false},"excerpt":{"rendered":"<p>Turma A: 26\/02 a 01\/03 das 19h00 \u00e0s 21h36 Turma B 04\/03 a 08\/03 das 19h00 \u00e0s 21h36 Para maiores informa\u00e7\u00f5es acesse o banner: -Inscri\u00e7\u00f5es via Sympla at\u00e9 dia 21\/02 atrav\u00e9s do link abaixo (link corrigido) https:\/\/www.sympla.com.br\/introducao-ao-latex-para-producao-de-trabalhos-academicos&#8212;turma-2024-01__2267157<\/p>\n","protected":false},"author":22,"featured_media":0,"comment_status":"closed","ping_status":"closed","sticky":false,"template":"","format":"standard","meta":{"footnotes":""},"categories":[1],"tags":[],"class_list":["post-2567","post","type-post","status-publish","format-standard","hentry","category-sem-categoria"],"_links":{"self":[{"href":"https:\/\/exatas.ufpr.br\/degraf\/wp-json\/wp\/v2\/posts\/2567","targetHints":{"allow":["GET"]}}],"collection":[{"href":"https:\/\/exatas.ufpr.br\/degraf\/wp-json\/wp\/v2\/posts"}],"about":[{"href":"https:\/\/exatas.ufpr.br\/degraf\/wp-json\/wp\/v2\/types\/post"}],"author":[{"embeddable":true,"href":"https:\/\/exatas.ufpr.br\/degraf\/wp-json\/wp\/v2\/users\/22"}],"replies":[{"embeddable":true,"href":"https:\/\/exatas.ufpr.br\/degraf\/wp-json\/wp\/v2\/comments?post=2567"}],"version-history":[{"count":5,"href":"https:\/\/exatas.ufpr.br\/degraf\/wp-json\/wp\/v2\/posts\/2567\/revisions"}],"predecessor-version":[{"id":2577,"href":"https:\/\/exatas.ufpr.br\/degraf\/wp-json\/wp\/v2\/posts\/2567\/revisions\/2577"}],"wp:attachment":[{"href":"https:\/\/exatas.ufpr.br\/degraf\/wp-json\/wp\/v2\/media?parent=2567"}],"wp:term":[{"taxonomy":"category","embeddable":true,"href":"https:\/\/exatas.ufpr.br\/degraf\/wp-json\/wp\/v2\/categories?post=2567"},{"taxonomy":"post_tag","embeddable":true,"href":"https:\/\/exatas.ufpr.br\/degraf\/wp-json\/wp\/v2\/tags?post=2567"}],"curies":[{"name":"wp","href":"https:\/\/api.w.org\/{rel}","templated":true}]}}