{"id":2336,"date":"2022-05-18T14:19:00","date_gmt":"2022-05-18T17:19:00","guid":{"rendered":"https:\/\/exatas.ufpr.br\/degraf\/?p=2336"},"modified":"2022-07-05T15:22:08","modified_gmt":"2022-07-05T18:22:08","slug":"vaga-para-estagio-remunerado-nao-obrigatorio-no-departamento-de-expressao-grafica","status":"publish","type":"post","link":"https:\/\/exatas.ufpr.br\/degraf\/vaga-para-estagio-remunerado-nao-obrigatorio-no-departamento-de-expressao-grafica\/","title":{"rendered":"Vaga para est\u00e1gio remunerado n\u00e3o obrigat\u00f3rio no Departamento de Express\u00e3o Gr\u00e1fica"},"content":{"rendered":"<p>Para acessar o edital com instru\u00e7\u00f5es e informa\u00e7\u00f5es clique <span style=\"color: #ff0000\"><strong><a style=\"color: #ff0000\" href=\"https:\/\/exatas.ufpr.br\/degraf\/wp-content\/uploads\/sites\/2\/2022\/05\/SEI_UFPR-4523627-Edital.pdf\">AQUI<\/a><\/strong><\/span><\/p>\n<p>Inscri\u00e7\u00f5es ser\u00e3o feitas via email (degraf@ufpr.br) conforme informa\u00e7\u00f5es contidas no edital (item 3).<\/p>\n<p class=\"Texto_Justificado\"><del>O per\u00edodo de inscri\u00e7\u00e3o ser\u00e1 a partir das 08h00 do dia 18\/05\/2022 at\u00e9 \u00e0s 18h00 do dia 27\/05\/2022.<\/del> <span style=\"color: #ff0000\">(prorrogado)<\/span><\/p>\n<p class=\"Texto_Justificado\"><span style=\"color: #ff0000\"><strong>Aviso &#8211;<\/strong> <a href=\"https:\/\/exatas.ufpr.br\/degraf\/wp-content\/uploads\/sites\/2\/2022\/05\/Edital_160_22-1.pdf\">Per\u00edodo de inscri\u00e7\u00f5es prorrogado at\u00e9 as 18h00 do dia 08\/06\/2022<\/a><\/span><\/p>\n<hr \/>\n<p class=\"Texto_Justificado\"><span style=\"color: #ff0000\"><strong>Publica\u00e7\u00f5es:\u00a0<\/strong><\/span><\/p>\n<p class=\"Texto_Justificado\"><a href=\"https:\/\/exatas.ufpr.br\/degraf\/wp-content\/uploads\/sites\/2\/2022\/05\/C\u00f3pia-de-parecer-deferimento-inscri\u00e7\u00f5es.docx_-2.pdf\">An\u00e1lise das Inscri\u00e7\u00f5es<\/a>\u00a0&#8211; Edital contendo a an\u00e1lise das inscri\u00e7\u00f5es e data das entrevistas (Publicado em 10\/06\/2022)<\/p>\n","protected":false},"excerpt":{"rendered":"<p>Para acessar o edital com instru\u00e7\u00f5es e informa\u00e7\u00f5es clique AQUI Inscri\u00e7\u00f5es ser\u00e3o feitas via email (degraf@ufpr.br) conforme informa\u00e7\u00f5es contidas no edital (item 3). O per\u00edodo de inscri\u00e7\u00e3o ser\u00e1 a partir das 08h00 do dia 18\/05\/2022 at\u00e9 \u00e0s 18h00 do dia&hellip; <\/p>\n","protected":false},"author":22,"featured_media":0,"comment_status":"closed","ping_status":"closed","sticky":false,"template":"","format":"standard","meta":{"footnotes":""},"categories":[1],"tags":[],"class_list":["post-2336","post","type-post","status-publish","format-standard","hentry","category-sem-categoria"],"_links":{"self":[{"href":"https:\/\/exatas.ufpr.br\/degraf\/wp-json\/wp\/v2\/posts\/2336","targetHints":{"allow":["GET"]}}],"collection":[{"href":"https:\/\/exatas.ufpr.br\/degraf\/wp-json\/wp\/v2\/posts"}],"about":[{"href":"https:\/\/exatas.ufpr.br\/degraf\/wp-json\/wp\/v2\/types\/post"}],"author":[{"embeddable":true,"href":"https:\/\/exatas.ufpr.br\/degraf\/wp-json\/wp\/v2\/users\/22"}],"replies":[{"embeddable":true,"href":"https:\/\/exatas.ufpr.br\/degraf\/wp-json\/wp\/v2\/comments?post=2336"}],"version-history":[{"count":7,"href":"https:\/\/exatas.ufpr.br\/degraf\/wp-json\/wp\/v2\/posts\/2336\/revisions"}],"predecessor-version":[{"id":2384,"href":"https:\/\/exatas.ufpr.br\/degraf\/wp-json\/wp\/v2\/posts\/2336\/revisions\/2384"}],"wp:attachment":[{"href":"https:\/\/exatas.ufpr.br\/degraf\/wp-json\/wp\/v2\/media?parent=2336"}],"wp:term":[{"taxonomy":"category","embeddable":true,"href":"https:\/\/exatas.ufpr.br\/degraf\/wp-json\/wp\/v2\/categories?post=2336"},{"taxonomy":"post_tag","embeddable":true,"href":"https:\/\/exatas.ufpr.br\/degraf\/wp-json\/wp\/v2\/tags?post=2336"}],"curies":[{"name":"wp","href":"https:\/\/api.w.org\/{rel}","templated":true}]}}