{"id":1351,"date":"2016-02-02T13:38:07","date_gmt":"2016-02-02T15:38:07","guid":{"rendered":"https:\/\/exatas.ufpr.br\/degraf\/?p=1351"},"modified":"2016-03-07T07:40:36","modified_gmt":"2016-03-07T10:40:36","slug":"breve-teste-seletivo-para-professor-substituto","status":"publish","type":"post","link":"https:\/\/exatas.ufpr.br\/degraf\/breve-teste-seletivo-para-professor-substituto\/","title":{"rendered":"Teste Seletivo &#8211; Professor Substituto"},"content":{"rendered":"<p>Est\u00e3o abertas as inscri\u00e7\u00f5es para o Teste Seletivo para professor substituto na mat\u00e9ria espec\u00edfica de Geometria Descritiva e Desenho T\u00e9cnico.<\/p>\n<p>Requisitos: Gradua\u00e7\u00e3o, ou Gradua\u00e7\u00e3o com Mestrado, ou Gradua\u00e7\u00e3o com Doutorado em: Matem\u00e1tica, ou Arquitetura, ou Engenharias, ou \u00e1reas afins, obtidos na forma da lei.<\/p>\n<p>Tipos de Provas: An\u00e1lise de Curr\u00edculo e Did\u00e1tica<\/p>\n<p>Local e Hor\u00e1rio das Inscri\u00e7\u00f5es: Secretaria do Departamento de Express\u00e3o Gr\u00e1fica , situado \u00e0 Rua Cel. Francisco Her\u00e1clito dos Santos, 100, Centro Polit\u00e9cnico \u2013 Edif\u00edcio da Administra\u00e7\u00e3o \u2013 4\u00ba <span style=\"color: #000000\">andar, das 13h30 \u00e0s 16h30<\/span><\/p>\n<p><span style=\"color: #000000\"><strong>Per\u00edodo de Inscri\u00e7\u00f5es: 15\/02\/2016 at\u00e9 26\/02\/2016<\/strong><\/span><\/p>\n<p><span style=\"color: #000000\"><strong><a style=\"color: #000000;text-decoration: underline\" href=\"http:\/\/www.progepe.ufpr.br\/progepe\/concursos\/docente\/concursos_publicos\/editais\/edital043-16.pdf\" target=\"_blank\">Clique aqui<\/a><\/strong> para ver o Edital completo.<\/span><\/p>\n<p><span style=\"color: #000000\"><a style=\"color: #000000\" href=\"http:\/\/www.progepe.ufpr.br\/progepe\/concursos\/docente\/concursos_publicos\/testes_seletivos.html\"><strong>Clique aqui<\/strong><\/a> para emitir taxa e ver documentos.<\/span><\/p>\n<p><span style=\"color: #000000\"><strong><span style=\"text-decoration: underline\"><a style=\"color: #000000;text-decoration: underline\" href=\"https:\/\/exatas.ufpr.br\/degraf\/wp-content\/uploads\/sites\/2\/2016\/02\/PROGRAMA-PARA-O-TESTE-SELETIVO-PARA-PROFESSOR-SUBSTITUTO-DO-DEPARTAMENTO-DE-EXPRESS\u00c3O-GR\u00c1FICA1.pdf\">Clique aqui<\/a><\/span>\u00a0<\/strong>para ver programa (pontos para a prova did\u00e1tica)<\/span><\/p>\n<p>&nbsp;<\/p>\n<p><span style=\"text-decoration: underline;color: #ff0000\"><strong>Documentos do concurso:<\/strong><\/span><\/p>\n<p><span style=\"color: #000000\"><strong><a style=\"color: #000000\" href=\"https:\/\/exatas.ufpr.br\/degraf\/wp-content\/uploads\/sites\/2\/2016\/02\/01-Ata-analise-insc.pdf\">01-Ata analise das inscri\u00e7\u00f5es<\/a><\/strong><\/span><\/p>\n<p><span style=\"color: #000000\"><strong><a style=\"color: #000000\" href=\"https:\/\/exatas.ufpr.br\/degraf\/wp-content\/uploads\/sites\/2\/2016\/02\/02-Edital-1.pdf\">02-Edital 1<\/a><\/strong><\/span><\/p>\n<p><span style=\"color: #000000\"><strong><a style=\"color: #000000\" href=\"https:\/\/exatas.ufpr.br\/degraf\/wp-content\/uploads\/sites\/2\/2016\/02\/03-Edital-2.pdf\">03-Edital 2<\/a><\/strong><\/span><\/p>\n<p><span style=\"color: #000000\"><strong><a style=\"color: #000000\" href=\"https:\/\/exatas.ufpr.br\/degraf\/wp-content\/uploads\/sites\/2\/2016\/02\/04-Ata-sorteio-didatica.pdf\">04-Ata sorteio didatica<\/a><\/strong><\/span><\/p>\n<p><span style=\"color: #000000\"><strong><a style=\"color: #000000\" href=\"https:\/\/exatas.ufpr.br\/degraf\/wp-content\/uploads\/sites\/2\/2016\/02\/05-Ata-prova-didatica.pdf\">05-Ata prova didatica<\/a><\/strong><\/span><\/p>\n<p><strong><span style=\"text-decoration: underline\"><span style=\"color: #000000;text-decoration: underline\"><a style=\"color: #000000;text-decoration: underline\" href=\"https:\/\/exatas.ufpr.br\/degraf\/wp-content\/uploads\/sites\/2\/2016\/02\/06-Ata-final.pdf\">06-Ata final<\/a>\u00a0da Comiss\u00e3o<\/span><\/span><\/strong><\/p>\n<p><strong><span style=\"text-decoration: underline\"><span style=\"color: #000000;text-decoration: underline\"><a style=\"color: #000000;text-decoration: underline\" href=\"https:\/\/exatas.ufpr.br\/degraf\/wp-content\/uploads\/sites\/2\/2016\/02\/07-edital-3.pdf\">07-Edital 3<\/a>\u00a0&#8211; Resultado<\/span><\/span><\/strong><\/p>\n","protected":false},"excerpt":{"rendered":"<p>Est\u00e3o abertas as inscri\u00e7\u00f5es para o Teste Seletivo para professor substituto na mat\u00e9ria espec\u00edfica de Geometria Descritiva e Desenho T\u00e9cnico. Requisitos: Gradua\u00e7\u00e3o, ou Gradua\u00e7\u00e3o com Mestrado, ou Gradua\u00e7\u00e3o com Doutorado em: Matem\u00e1tica, ou Arquitetura, ou Engenharias, ou \u00e1reas afins, obtidos&hellip; <\/p>\n","protected":false},"author":22,"featured_media":0,"comment_status":"closed","ping_status":"closed","sticky":false,"template":"","format":"standard","meta":{"footnotes":""},"categories":[20],"tags":[],"class_list":["post-1351","post","type-post","status-publish","format-standard","hentry","category-teste-seletivo"],"_links":{"self":[{"href":"https:\/\/exatas.ufpr.br\/degraf\/wp-json\/wp\/v2\/posts\/1351","targetHints":{"allow":["GET"]}}],"collection":[{"href":"https:\/\/exatas.ufpr.br\/degraf\/wp-json\/wp\/v2\/posts"}],"about":[{"href":"https:\/\/exatas.ufpr.br\/degraf\/wp-json\/wp\/v2\/types\/post"}],"author":[{"embeddable":true,"href":"https:\/\/exatas.ufpr.br\/degraf\/wp-json\/wp\/v2\/users\/22"}],"replies":[{"embeddable":true,"href":"https:\/\/exatas.ufpr.br\/degraf\/wp-json\/wp\/v2\/comments?post=1351"}],"version-history":[{"count":17,"href":"https:\/\/exatas.ufpr.br\/degraf\/wp-json\/wp\/v2\/posts\/1351\/revisions"}],"predecessor-version":[{"id":1422,"href":"https:\/\/exatas.ufpr.br\/degraf\/wp-json\/wp\/v2\/posts\/1351\/revisions\/1422"}],"wp:attachment":[{"href":"https:\/\/exatas.ufpr.br\/degraf\/wp-json\/wp\/v2\/media?parent=1351"}],"wp:term":[{"taxonomy":"category","embeddable":true,"href":"https:\/\/exatas.ufpr.br\/degraf\/wp-json\/wp\/v2\/categories?post=1351"},{"taxonomy":"post_tag","embeddable":true,"href":"https:\/\/exatas.ufpr.br\/degraf\/wp-json\/wp\/v2\/tags?post=1351"}],"curies":[{"name":"wp","href":"https:\/\/api.w.org\/{rel}","templated":true}]}}