{"id":1715,"date":"2021-04-29T10:48:43","date_gmt":"2021-04-29T13:48:43","guid":{"rendered":"https:\/\/exatas.ufpr.br\/cegraf\/?p=1715"},"modified":"2021-04-29T10:48:43","modified_gmt":"2021-04-29T13:48:43","slug":"prorrogacao-do-periodo-de-matriculas","status":"publish","type":"post","link":"https:\/\/exatas.ufpr.br\/cegraf\/prorrogacao-do-periodo-de-matriculas\/","title":{"rendered":"Prorroga\u00e7\u00e3o do per\u00edodo de matr\u00edculas"},"content":{"rendered":"<h1>Aten\u00e7\u00e3o: o per\u00edodo de solicita\u00e7\u00e3o de matr\u00edculas foi estendido at\u00e9 amanh\u00e3, sexta-feira, 30\/40\/2021 \u00e0s 12h.<\/h1>\n","protected":false},"excerpt":{"rendered":"<p>Aten\u00e7\u00e3o: o per\u00edodo de solicita\u00e7\u00e3o de matr\u00edculas foi estendido at\u00e9 amanh\u00e3, sexta-feira, 30\/40\/2021 \u00e0s 12h.<\/p>\n","protected":false},"author":3979,"featured_media":0,"comment_status":"closed","ping_status":"closed","sticky":false,"template":"","format":"standard","meta":{"footnotes":""},"categories":[19],"tags":[],"class_list":["post-1715","post","type-post","status-publish","format-standard","hentry","category-retorno-as-aulas"],"_links":{"self":[{"href":"https:\/\/exatas.ufpr.br\/cegraf\/wp-json\/wp\/v2\/posts\/1715","targetHints":{"allow":["GET"]}}],"collection":[{"href":"https:\/\/exatas.ufpr.br\/cegraf\/wp-json\/wp\/v2\/posts"}],"about":[{"href":"https:\/\/exatas.ufpr.br\/cegraf\/wp-json\/wp\/v2\/types\/post"}],"author":[{"embeddable":true,"href":"https:\/\/exatas.ufpr.br\/cegraf\/wp-json\/wp\/v2\/users\/3979"}],"replies":[{"embeddable":true,"href":"https:\/\/exatas.ufpr.br\/cegraf\/wp-json\/wp\/v2\/comments?post=1715"}],"version-history":[{"count":1,"href":"https:\/\/exatas.ufpr.br\/cegraf\/wp-json\/wp\/v2\/posts\/1715\/revisions"}],"predecessor-version":[{"id":1716,"href":"https:\/\/exatas.ufpr.br\/cegraf\/wp-json\/wp\/v2\/posts\/1715\/revisions\/1716"}],"wp:attachment":[{"href":"https:\/\/exatas.ufpr.br\/cegraf\/wp-json\/wp\/v2\/media?parent=1715"}],"wp:term":[{"taxonomy":"category","embeddable":true,"href":"https:\/\/exatas.ufpr.br\/cegraf\/wp-json\/wp\/v2\/categories?post=1715"},{"taxonomy":"post_tag","embeddable":true,"href":"https:\/\/exatas.ufpr.br\/cegraf\/wp-json\/wp\/v2\/tags?post=1715"}],"curies":[{"name":"wp","href":"https:\/\/api.w.org\/{rel}","templated":true}]}}