{"id":1603,"date":"2020-10-24T19:21:13","date_gmt":"2020-10-24T22:21:13","guid":{"rendered":"https:\/\/exatas.ufpr.br\/cegraf\/?p=1603"},"modified":"2020-10-24T19:21:13","modified_gmt":"2020-10-24T22:21:13","slug":"planos-de-ensino-das-disciplinas-do-ere2","status":"publish","type":"post","link":"https:\/\/exatas.ufpr.br\/cegraf\/planos-de-ensino-das-disciplinas-do-ere2\/","title":{"rendered":"Planos de Ensino das disciplinas do ERE2"},"content":{"rendered":"<p>Os Planos de Ensino das disciplinas do ERE2 est\u00e3o em PDF, organizados por per\u00edodo, de acordo com o cronograma:<\/p>\n<h2>1\u00ba\u00a0per\u00edodo<\/h2>\n<p><a href=\"https:\/\/exatas.ufpr.br\/cegraf\/wp-content\/uploads\/sites\/3\/2020\/10\/CEG301-INTRODU\u00c7\u00c3O-\u00c0-EXPRESS\u00c3O-GR\u00c1FICA.pdf\">CEG301 &#8211; INTRODU\u00c7\u00c3O \u00c0 EXPRESS\u00c3O GR\u00c1FICA<\/a><\/p>\n<p><a href=\"https:\/\/exatas.ufpr.br\/cegraf\/wp-content\/uploads\/sites\/3\/2020\/10\/CEG302-DESENHO-GEOM\u00c9TRICO-I.pdf\">CEG302 &#8211; DESENHO GEOM\u00c9TRICO I<\/a><\/p>\n<p><a href=\"https:\/\/exatas.ufpr.br\/cegraf\/wp-content\/uploads\/sites\/3\/2020\/10\/CEG303-GEOMETRIA-DESCRITIVA-I.pdf\">CEG303 &#8211; GEOMETRIA DESCRITIVA I<\/a><\/p>\n<p><a href=\"https:\/\/exatas.ufpr.br\/cegraf\/wp-content\/uploads\/sites\/3\/2020\/10\/CEG307-REPRESENTA\u00c7\u00c3O-GR\u00c1FICA-I.pdf\">CEG307 &#8211; REPRESENTA\u00c7\u00c3O GR\u00c1FICA I<\/a><\/p>\n<p><a href=\"https:\/\/exatas.ufpr.br\/cegraf\/wp-content\/uploads\/sites\/3\/2020\/10\/CEG309-COMPOSI\u00c7\u00c3O-I.pdf\">CEG309 &#8211; COMPOSI\u00c7\u00c3O I<\/a><\/p>\n<p><a href=\"https:\/\/exatas.ufpr.br\/cegraf\/wp-content\/uploads\/sites\/3\/2020\/10\/CEG206-PROJE\u00c7\u00d5ES-COTADAS-DEISE.pdf\">CEG206 &#8211; PROJE\u00c7\u00d5ES COTADAS &#8211; DEISE<\/a><\/p>\n<p><a href=\"https:\/\/exatas.ufpr.br\/cegraf\/wp-content\/uploads\/sites\/3\/2020\/10\/CEG206-PROJE\u00c7\u00d5ES-COTADAS-PAULO.pdf\">CEG206 &#8211; PROJE\u00c7\u00d5ES COTADAS &#8211; PAULO<\/a><\/p>\n<p><a href=\"https:\/\/exatas.ufpr.br\/cegraf\/wp-content\/uploads\/sites\/3\/2020\/10\/CEG206-PROJE\u00c7\u00d5ES-COTADAS-EMERSON.pdf\">CEG206 &#8211; PROJE\u00c7\u00d5ES COTADAS &#8211; EMERSON<\/a><\/p>\n<p>&nbsp;<\/p>\n<h2>2\u00ba per\u00edodo<\/h2>\n<p><a href=\"https:\/\/exatas.ufpr.br\/cegraf\/wp-content\/uploads\/sites\/3\/2020\/10\/CEG310-COMPOSI\u00c7\u00c3O-II.pdf\">CEG310 &#8211; COMPOSI\u00c7\u00c3O II<\/a><\/p>\n<p><a href=\"https:\/\/exatas.ufpr.br\/cegraf\/wp-content\/uploads\/sites\/3\/2020\/10\/CEG306-DESENHO-T\u00c9CNICO-E-CAD.pdf\">CEG306 &#8211; DESENHO T\u00c9CNICO E CAD<\/a><\/p>\n<p>&nbsp;<\/p>\n<h2>3\u00ba per\u00edodo<\/h2>\n<p><a href=\"https:\/\/exatas.ufpr.br\/cegraf\/wp-content\/uploads\/sites\/3\/2020\/10\/CEG305-FUNDAMENTOS-DE-PROGRAMA\u00c7\u00c3O-APLICADOS-\u00c0-EXPRESS\u00c3O-GR\u00c1FICA.pdf\">CEG305 &#8211; FUNDAMENTOS DE PROGRAMA\u00c7\u00c3O APLICADOS \u00c0 EXPRESS\u00c3O GR\u00c1FICA<\/a><\/p>\n<p><a href=\"https:\/\/exatas.ufpr.br\/cegraf\/wp-content\/uploads\/sites\/3\/2020\/10\/CEG311-FUNDAMENTOS-DA-COMUNICA\u00c7\u00c3O-VISUAL.pdf\">CEG311 &#8211; FUNDAMENTOS DA COMUNICA\u00c7\u00c3O VISUAL<\/a><\/p>\n<p><a href=\"https:\/\/exatas.ufpr.br\/cegraf\/wp-content\/uploads\/sites\/3\/2020\/10\/CEG313-MODELAGEM-3D-E-ANIMA\u00c7\u00c3O-I.pdf\">CEG313 &#8211; MODELAGEM 3D E ANIMA\u00c7\u00c3O I<\/a><\/p>\n<p><a href=\"https:\/\/exatas.ufpr.br\/cegraf\/wp-content\/uploads\/sites\/3\/2020\/10\/CEG318-INTRODU\u00c7\u00c3O-AO-DESIGN.pdf\">CEG318 &#8211; INTRODU\u00c7\u00c3O AO DESIGN<\/a><\/p>\n<p><a href=\"https:\/\/exatas.ufpr.br\/cegraf\/wp-content\/uploads\/sites\/3\/2020\/10\/CEG320-TECNOLOGIA-DOS-MATERIAIS.pdf\">CEG320 &#8211; TECNOLOGIA DOS MATERIAIS<\/a><\/p>\n<p><a href=\"https:\/\/exatas.ufpr.br\/cegraf\/wp-content\/uploads\/sites\/3\/2020\/10\/CEG211-T\u00c9CNICAS-DE-PROJE\u00c7\u00d5ES-DIGITAIS-2D.pdf\">CEG211 &#8211; T\u00c9CNICAS DE PROJE\u00c7\u00d5ES DIGITAIS 2D<\/a><\/p>\n<p>&nbsp;<\/p>\n<h2>4\u00ba per\u00edodo<\/h2>\n<p><a href=\"https:\/\/exatas.ufpr.br\/cegraf\/wp-content\/uploads\/sites\/3\/2020\/10\/CEG314-MODELAGEM-3D-E-ANIMA\u00c7\u00c3O-II.pdf\">CEG314 &#8211; MODELAGEM 3D E ANIMA\u00c7\u00c3O II<\/a><\/p>\n<p>&nbsp;<\/p>\n<h2>5\u00ba per\u00edodo<\/h2>\n<p><a href=\"https:\/\/exatas.ufpr.br\/cegraf\/wp-content\/uploads\/sites\/3\/2020\/10\/CEG219-DESENHO-ARQUITET\u00d4NICO-II.pdf\">CEG219 &#8211; DESENHO ARQUITET\u00d4NICO II<\/a><\/p>\n<p><a href=\"https:\/\/exatas.ufpr.br\/cegraf\/wp-content\/uploads\/sites\/3\/2020\/10\/CEG221-DESENHO-DE-PRODUTO-E-CRIATIVIDADE.pdf\">CEG221 &#8211; DESENHO DE PRODUTO E CRIATIVIDADE<\/a><\/p>\n<p>CEG225 &#8211; MODELAGEM\u00a03D E ANIMA\u00c7\u00c3O I &#8211; equivalente \u00e0 CEG313<\/p>\n<p>&nbsp;<\/p>\n<h2>7\u00ba per\u00edodo<\/h2>\n<p><a href=\"https:\/\/exatas.ufpr.br\/cegraf\/wp-content\/uploads\/sites\/3\/2020\/10\/CEG263-T\u00d3PICOS-EM-PROJETOS-DE-INTERIORES-I.pdf\">CEG263 &#8211; T\u00d3PICOS EM PROJETOS DE INTERIORES I<\/a><\/p>\n<p><a href=\"https:\/\/exatas.ufpr.br\/cegraf\/wp-content\/uploads\/sites\/3\/2020\/10\/CEG256-FUNDAMENTOS-DO-WEBDESIGN-I.pdf\">CEG256 &#8211; FUNDAMENTOS DO WEBDESIGN I<\/a><\/p>\n<p><a href=\"https:\/\/exatas.ufpr.br\/cegraf\/wp-content\/uploads\/sites\/3\/2020\/10\/CEG258-T\u00d3PICOS-EM-DESENHO-ARQUITET\u00d4NICO-II.pdf\">CEG258 &#8211; T\u00d3PICOS EM DESENHO ARQUITET\u00d4NICO II<\/a><\/p>\n<p><a href=\"https:\/\/exatas.ufpr.br\/cegraf\/wp-content\/uploads\/sites\/3\/2020\/10\/CEG235-T\u00d3PICOS-EM-DESENHO-DE-PRODUTO.pdf\">CEG235 &#8211; T\u00d3PICOS EM DESENHO DE PRODUTO<\/a><\/p>\n<p>CEG264 &#8211; HIST\u00d3RIA DO DESENHO &#8211; equivalente \u00e0 CEG318<\/p>\n<p>CEG305 &#8211; FUNDAMENTOS DA PROGRAMA\u00c7\u00c3O APLICADOS \u00c0 EG &#8211; disciplina do curr\u00edculo 2020 adicionada como optativa ao curr\u00edculo 2012<\/p>\n<p>CEG311 &#8211; FUNDAMENTOS DA COMUNICA\u00c7\u00c3O VISUAL &#8211;\u00a0disciplina do curr\u00edculo 2020 adicionada como optativa ao curr\u00edculo 2012<\/p>\n<p>&nbsp;<\/p>\n","protected":false},"excerpt":{"rendered":"<p>Os Planos de Ensino das disciplinas do ERE2 est\u00e3o em PDF, organizados por per\u00edodo, de acordo com o cronograma: 1\u00ba\u00a0per\u00edodo CEG301 &#8211; INTRODU\u00c7\u00c3O \u00c0 EXPRESS\u00c3O GR\u00c1FICA CEG302 &#8211; DESENHO GEOM\u00c9TRICO I CEG303 &#8211; GEOMETRIA DESCRITIVA I CEG307 &#8211; REPRESENTA\u00c7\u00c3O GR\u00c1FICA&hellip; <\/p>\n","protected":false},"author":3979,"featured_media":0,"comment_status":"closed","ping_status":"closed","sticky":false,"template":"","format":"standard","meta":{"footnotes":""},"categories":[26],"tags":[],"class_list":["post-1603","post","type-post","status-publish","format-standard","hentry","category-ensino-remoto-emergencial"],"_links":{"self":[{"href":"https:\/\/exatas.ufpr.br\/cegraf\/wp-json\/wp\/v2\/posts\/1603","targetHints":{"allow":["GET"]}}],"collection":[{"href":"https:\/\/exatas.ufpr.br\/cegraf\/wp-json\/wp\/v2\/posts"}],"about":[{"href":"https:\/\/exatas.ufpr.br\/cegraf\/wp-json\/wp\/v2\/types\/post"}],"author":[{"embeddable":true,"href":"https:\/\/exatas.ufpr.br\/cegraf\/wp-json\/wp\/v2\/users\/3979"}],"replies":[{"embeddable":true,"href":"https:\/\/exatas.ufpr.br\/cegraf\/wp-json\/wp\/v2\/comments?post=1603"}],"version-history":[{"count":2,"href":"https:\/\/exatas.ufpr.br\/cegraf\/wp-json\/wp\/v2\/posts\/1603\/revisions"}],"predecessor-version":[{"id":1628,"href":"https:\/\/exatas.ufpr.br\/cegraf\/wp-json\/wp\/v2\/posts\/1603\/revisions\/1628"}],"wp:attachment":[{"href":"https:\/\/exatas.ufpr.br\/cegraf\/wp-json\/wp\/v2\/media?parent=1603"}],"wp:term":[{"taxonomy":"category","embeddable":true,"href":"https:\/\/exatas.ufpr.br\/cegraf\/wp-json\/wp\/v2\/categories?post=1603"},{"taxonomy":"post_tag","embeddable":true,"href":"https:\/\/exatas.ufpr.br\/cegraf\/wp-json\/wp\/v2\/tags?post=1603"}],"curies":[{"name":"wp","href":"https:\/\/api.w.org\/{rel}","templated":true}]}}