{"id":1259,"date":"2017-11-23T13:03:28","date_gmt":"2017-11-23T16:03:28","guid":{"rendered":"https:\/\/exatas.ufpr.br\/cegraf\/?p=1259"},"modified":"2017-11-23T13:03:28","modified_gmt":"2017-11-23T16:03:28","slug":"avaliacao-de-cursos-ufpr","status":"publish","type":"post","link":"https:\/\/exatas.ufpr.br\/cegraf\/avaliacao-de-cursos-ufpr\/","title":{"rendered":"Avalia\u00e7\u00e3o de Cursos UFPR"},"content":{"rendered":"<p>Aten\u00e7\u00e3o alunos<\/p>\n<p>Est\u00e1 dispon\u00edvel at\u00e9 o dia 30\/11\/2017 a pesquisa de autoavalia\u00e7\u00e3o institucional da UFPR elaborada pelas Coordena\u00e7\u00f5es de Pol\u00edticas de Avalia\u00e7\u00e3o Institucional de Ensino (COPAIE) e de Pol\u00edticas de Acesso e Perman\u00eancia (COPAP) da Pr\u00f3 Reitoria de Gradua\u00e7\u00e3o e Educa\u00e7\u00e3o Profissional (PROGRAD), em conjunto com a Comiss\u00e3o Pr\u00f3pria de Avalia\u00e7\u00e3o da UFPR (CPA\/UFPR). Sua participa\u00e7\u00e3o \u00e9 muito importante para o processo de constru\u00e7\u00e3o do curso. A avalia\u00e7\u00e3o pode ser acessa <a href=\"http:\/\/www.avaliacao.ufpr.br\/index\/index\" target=\"_blank\">aqui.<\/a><\/p>\n","protected":false},"excerpt":{"rendered":"<p>Aten\u00e7\u00e3o alunos Est\u00e1 dispon\u00edvel at\u00e9 o dia 30\/11\/2017 a pesquisa de autoavalia\u00e7\u00e3o institucional da UFPR elaborada pelas Coordena\u00e7\u00f5es de Pol\u00edticas de Avalia\u00e7\u00e3o Institucional de Ensino (COPAIE) e de Pol\u00edticas de Acesso e Perman\u00eancia (COPAP) da Pr\u00f3 Reitoria de Gradua\u00e7\u00e3o e&hellip; <\/p>\n","protected":false},"author":20,"featured_media":0,"comment_status":"closed","ping_status":"closed","sticky":false,"template":"","format":"standard","meta":{"footnotes":""},"categories":[1],"tags":[],"class_list":["post-1259","post","type-post","status-publish","format-standard","hentry","category-sem-categoria"],"_links":{"self":[{"href":"https:\/\/exatas.ufpr.br\/cegraf\/wp-json\/wp\/v2\/posts\/1259","targetHints":{"allow":["GET"]}}],"collection":[{"href":"https:\/\/exatas.ufpr.br\/cegraf\/wp-json\/wp\/v2\/posts"}],"about":[{"href":"https:\/\/exatas.ufpr.br\/cegraf\/wp-json\/wp\/v2\/types\/post"}],"author":[{"embeddable":true,"href":"https:\/\/exatas.ufpr.br\/cegraf\/wp-json\/wp\/v2\/users\/20"}],"replies":[{"embeddable":true,"href":"https:\/\/exatas.ufpr.br\/cegraf\/wp-json\/wp\/v2\/comments?post=1259"}],"version-history":[{"count":2,"href":"https:\/\/exatas.ufpr.br\/cegraf\/wp-json\/wp\/v2\/posts\/1259\/revisions"}],"predecessor-version":[{"id":1261,"href":"https:\/\/exatas.ufpr.br\/cegraf\/wp-json\/wp\/v2\/posts\/1259\/revisions\/1261"}],"wp:attachment":[{"href":"https:\/\/exatas.ufpr.br\/cegraf\/wp-json\/wp\/v2\/media?parent=1259"}],"wp:term":[{"taxonomy":"category","embeddable":true,"href":"https:\/\/exatas.ufpr.br\/cegraf\/wp-json\/wp\/v2\/categories?post=1259"},{"taxonomy":"post_tag","embeddable":true,"href":"https:\/\/exatas.ufpr.br\/cegraf\/wp-json\/wp\/v2\/tags?post=1259"}],"curies":[{"name":"wp","href":"https:\/\/api.w.org\/{rel}","templated":true}]}}