{"id":1193,"date":"2016-08-25T10:38:03","date_gmt":"2016-08-25T13:38:03","guid":{"rendered":"https:\/\/exatas.ufpr.br\/cegraf\/?p=1193"},"modified":"2016-08-25T10:38:03","modified_gmt":"2016-08-25T13:38:03","slug":"concurso-para-o-cartaz-da-iii-semana-academica-do-curso-de-expressao-grafica","status":"publish","type":"post","link":"https:\/\/exatas.ufpr.br\/cegraf\/concurso-para-o-cartaz-da-iii-semana-academica-do-curso-de-expressao-grafica\/","title":{"rendered":"Concurso para o Cartaz da III Semana Acad\u00eamica do Curso de Express\u00e3o Gr\u00e1fica"},"content":{"rendered":"<p>O CAEG, lan\u00e7a o <a href=\"https:\/\/exatas.ufpr.br\/cegraf\/wp-content\/uploads\/sites\/3\/2016\/08\/Concurso_Cartaz_IIISAEG.odt_.pdf\" target=\"_blank\">concurso para o Cartaz_III Semana Acad\u00eamica do Curso de Express\u00e3o Gr\u00e1fica<\/a>.<\/p>\n<p>Proposta:<br \/>\nCriar o layout de um cartaz para a III Semana Acad\u00eamica de Express\u00e3o Gr\u00e1fica. O<br \/>\ncartaz deve ser colorido, planejado no formato A3 e apresentar os seguintes dados:<br \/>\nIII SEMANA ACAD\u00caMICA DE EXPRESS\u00c3O GR\u00c1FICA<br \/>\nData: 19 a 23 de Setembro de 2016<br \/>\nLocal: Bloco PC Centro<br \/>\nPolit\u00e9cnico<br \/>\nOrganizador: CAEG<br \/>\nRealizadores: UFPR, Setor de exatas, Degraf, Curso de Express\u00e3o Gr\u00e1fica e CAEG<br \/>\n(apresentado em logos)<br \/>\nEntregar o arquivo vetorizado at\u00e9 3 de setembro de 2016 \u00e0s 23:59 pelo email: caegufpr@gmail.com com o assunto \u201cConcurso cartaz \u2013 Seu Nome\u201d.<\/p>\n","protected":false},"excerpt":{"rendered":"<p>O CAEG, lan\u00e7a o concurso para o Cartaz_III Semana Acad\u00eamica do Curso de Express\u00e3o Gr\u00e1fica. Proposta: Criar o layout de um cartaz para a III Semana Acad\u00eamica de Express\u00e3o Gr\u00e1fica. O cartaz deve ser colorido, planejado no formato A3 e&hellip; <\/p>\n","protected":false},"author":20,"featured_media":0,"comment_status":"closed","ping_status":"closed","sticky":false,"template":"","format":"standard","meta":{"footnotes":""},"categories":[1],"tags":[],"class_list":["post-1193","post","type-post","status-publish","format-standard","hentry","category-sem-categoria"],"_links":{"self":[{"href":"https:\/\/exatas.ufpr.br\/cegraf\/wp-json\/wp\/v2\/posts\/1193","targetHints":{"allow":["GET"]}}],"collection":[{"href":"https:\/\/exatas.ufpr.br\/cegraf\/wp-json\/wp\/v2\/posts"}],"about":[{"href":"https:\/\/exatas.ufpr.br\/cegraf\/wp-json\/wp\/v2\/types\/post"}],"author":[{"embeddable":true,"href":"https:\/\/exatas.ufpr.br\/cegraf\/wp-json\/wp\/v2\/users\/20"}],"replies":[{"embeddable":true,"href":"https:\/\/exatas.ufpr.br\/cegraf\/wp-json\/wp\/v2\/comments?post=1193"}],"version-history":[{"count":1,"href":"https:\/\/exatas.ufpr.br\/cegraf\/wp-json\/wp\/v2\/posts\/1193\/revisions"}],"predecessor-version":[{"id":1195,"href":"https:\/\/exatas.ufpr.br\/cegraf\/wp-json\/wp\/v2\/posts\/1193\/revisions\/1195"}],"wp:attachment":[{"href":"https:\/\/exatas.ufpr.br\/cegraf\/wp-json\/wp\/v2\/media?parent=1193"}],"wp:term":[{"taxonomy":"category","embeddable":true,"href":"https:\/\/exatas.ufpr.br\/cegraf\/wp-json\/wp\/v2\/categories?post=1193"},{"taxonomy":"post_tag","embeddable":true,"href":"https:\/\/exatas.ufpr.br\/cegraf\/wp-json\/wp\/v2\/tags?post=1193"}],"curies":[{"name":"wp","href":"https:\/\/api.w.org\/{rel}","templated":true}]}}