{"id":1039,"date":"2015-08-12T17:20:43","date_gmt":"2015-08-12T20:20:43","guid":{"rendered":"https:\/\/exatas.ufpr.br\/cegraf\/?p=1039"},"modified":"2015-11-13T13:01:34","modified_gmt":"2015-11-13T16:01:34","slug":"greve-dos-professores","status":"publish","type":"post","link":"https:\/\/exatas.ufpr.br\/cegraf\/greve-dos-professores\/","title":{"rendered":"Greve dos professores"},"content":{"rendered":"<p>Cada professor tem autonomia para aderir a greve.<\/p>\n<p>Os professores do Departamento de Express\u00e3o Gr\u00e1fica adotaram uma decis\u00e3o unificada de participar da greve.<\/p>\n","protected":false},"excerpt":{"rendered":"<p>Cada professor tem autonomia para aderir a greve. Os professores do Departamento de Express\u00e3o Gr\u00e1fica adotaram uma decis\u00e3o unificada de participar da greve.<\/p>\n","protected":false},"author":21,"featured_media":0,"comment_status":"closed","ping_status":"closed","sticky":false,"template":"","format":"standard","meta":{"footnotes":""},"categories":[20],"tags":[],"class_list":["post-1039","post","type-post","status-publish","format-standard","hentry","category-greve"],"_links":{"self":[{"href":"https:\/\/exatas.ufpr.br\/cegraf\/wp-json\/wp\/v2\/posts\/1039","targetHints":{"allow":["GET"]}}],"collection":[{"href":"https:\/\/exatas.ufpr.br\/cegraf\/wp-json\/wp\/v2\/posts"}],"about":[{"href":"https:\/\/exatas.ufpr.br\/cegraf\/wp-json\/wp\/v2\/types\/post"}],"author":[{"embeddable":true,"href":"https:\/\/exatas.ufpr.br\/cegraf\/wp-json\/wp\/v2\/users\/21"}],"replies":[{"embeddable":true,"href":"https:\/\/exatas.ufpr.br\/cegraf\/wp-json\/wp\/v2\/comments?post=1039"}],"version-history":[{"count":1,"href":"https:\/\/exatas.ufpr.br\/cegraf\/wp-json\/wp\/v2\/posts\/1039\/revisions"}],"predecessor-version":[{"id":1040,"href":"https:\/\/exatas.ufpr.br\/cegraf\/wp-json\/wp\/v2\/posts\/1039\/revisions\/1040"}],"wp:attachment":[{"href":"https:\/\/exatas.ufpr.br\/cegraf\/wp-json\/wp\/v2\/media?parent=1039"}],"wp:term":[{"taxonomy":"category","embeddable":true,"href":"https:\/\/exatas.ufpr.br\/cegraf\/wp-json\/wp\/v2\/categories?post=1039"},{"taxonomy":"post_tag","embeddable":true,"href":"https:\/\/exatas.ufpr.br\/cegraf\/wp-json\/wp\/v2\/tags?post=1039"}],"curies":[{"name":"wp","href":"https:\/\/api.w.org\/{rel}","templated":true}]}}